{"id":692,"date":"2010-01-16T08:55:00","date_gmt":"2010-01-16T08:55:00","guid":{"rendered":"http:\/\/olaviakite.com\/doblepensar\/2010\/01\/16\/fundido-a-negro\/"},"modified":"2010-01-16T08:55:00","modified_gmt":"2010-01-16T08:55:00","slug":"fundido-a-negro","status":"publish","type":"post","link":"https:\/\/olaviakite.com\/doblepensar\/2010\/01\/16\/fundido-a-negro\/","title":{"rendered":"Fundido a negro"},"content":{"rendered":"<p>A veces se me olvida c\u00f3mo ser humana.<\/p>\n<p>A veces noto una extra\u00f1a sensaci\u00f3n de vac\u00edo en el t\u00f3rax y me pregunto si es hambre. Ante el recuerdo del s\u00edncope del a\u00f1o pasado suelo forzarme a comer algo, no sea que vuelva a caer como un \u00e1rbol viejo en medio del bosque (si una mujer encerrada colapsa y nadie se da cuenta, \u00bfrealmente ha colapsado?). Otras veces debo arrastrarme a la calle porque se supone que hay que tomar el sol y caminar de un lado a otro. Eso es lo que hace la gente durante el d\u00eda, \u00bfno?<\/p>\n<p>No s\u00e9 cu\u00e1ndo fue la \u00faltima vez que supe que estaba viva. En este limbo c\u00f3modo donde siempre suenan canciones que me gustan bien podr\u00eda ser un fantasma. \u00bfDe qui\u00e9n ser\u00e1n las carcajadas que emanan de aquel apartamento esquinero que nadie visita? La puerta est\u00e1 bloqueada por dos inmensas cajas de cart\u00f3n y un mueble p\u00fatrido que el viento amonton\u00f3.<\/p>\n<p>Ya no me desvela hallarme en el borde del mundo, abandonada. Quisiera pensar que la imagen de Atreyu tom\u00e1ndose una sopa negra y asom\u00e1ndose a la Nada que consume a Fantasia ya no se compara con mi vida, tal vez porque en realidad no tengo una vida. Me limito a existir&#8230; si es que existo, porque en realidad no lo s\u00e9. S\u00e9 que me gusta cantar, que me encanta la leche de soya saborizada, pero el resto de detalles se ha ido borrando como una inscripci\u00f3n vieja. Debo mirarme al espejo seguido para comprobar que la luz no me atraviesa. \u00bfAcaso me consume a m\u00ed tambi\u00e9n la Nada? \u00bfQui\u00e9n me imagina, para pedirle que venga a mi rescate?<\/p>\n<p>A medida que me he ido desvaneciendo he perdido las palabras y las ideas, y la mente se me ha vuelto solo colores. En ocasiones lo \u00fanico que ocupa mi cabeza es aquel naranja furioso sobre el que se delinean las ramas desnudas de los ginkgos al anochecer. <span style=\"font-style: italic\">Es tan n\u00edtido.<\/span> Sin embargo s\u00e9 que dentro de un rato lo olvidar\u00e9, y ese pedazo de m\u00ed se esfumar\u00e1 en un irremediable fundido a negro, como todos los otros.<\/p>\n<p><span style=\"font-weight: bold\">[<\/span> <span style=\"font-style: italic\">Tive Raz\u00e3o<\/span> \u2014 Seu Jorge <span style=\"font-weight: bold\">]<\/span><\/p>\n","protected":false},"excerpt":{"rendered":"<p>A veces se me olvida c\u00f3mo ser humana. A veces noto una extra\u00f1a sensaci\u00f3n de vac\u00edo en el t\u00f3rax y me pregunto si es hambre. Ante el recuerdo del s\u00edncope del a\u00f1o pasado suelo forzarme a comer algo, no sea que vuelva a caer como un \u00e1rbol viejo en medio del bosque (si una mujer [&hellip;]<\/p>\n","protected":false},"author":1,"featured_media":0,"comment_status":"open","ping_status":"open","sticky":false,"template":"","format":"standard","meta":{"footnotes":""},"categories":[13,18],"tags":[],"_links":{"self":[{"href":"https:\/\/olaviakite.com\/doblepensar\/wp-json\/wp\/v2\/posts\/692"}],"collection":[{"href":"https:\/\/olaviakite.com\/doblepensar\/wp-json\/wp\/v2\/posts"}],"about":[{"href":"https:\/\/olaviakite.com\/doblepensar\/wp-json\/wp\/v2\/types\/post"}],"author":[{"embeddable":true,"href":"https:\/\/olaviakite.com\/doblepensar\/wp-json\/wp\/v2\/users\/1"}],"replies":[{"embeddable":true,"href":"https:\/\/olaviakite.com\/doblepensar\/wp-json\/wp\/v2\/comments?post=692"}],"version-history":[{"count":0,"href":"https:\/\/olaviakite.com\/doblepensar\/wp-json\/wp\/v2\/posts\/692\/revisions"}],"wp:attachment":[{"href":"https:\/\/olaviakite.com\/doblepensar\/wp-json\/wp\/v2\/media?parent=692"}],"wp:term":[{"taxonomy":"category","embeddable":true,"href":"https:\/\/olaviakite.com\/doblepensar\/wp-json\/wp\/v2\/categories?post=692"},{"taxonomy":"post_tag","embeddable":true,"href":"https:\/\/olaviakite.com\/doblepensar\/wp-json\/wp\/v2\/tags?post=692"}],"curies":[{"name":"wp","href":"https:\/\/api.w.org\/{rel}","templated":true}]}}