{"id":392,"date":"2006-03-10T05:28:00","date_gmt":"2006-03-10T05:28:00","guid":{"rendered":"http:\/\/olaviakite.com\/doblepensar\/2006\/03\/10\/il-mondo-rotondo-con-olavia-kite-ascaroth\/"},"modified":"2006-03-10T05:28:00","modified_gmt":"2006-03-10T05:28:00","slug":"il-mondo-rotondo-con-olavia-kite-ascaroth","status":"publish","type":"post","link":"https:\/\/olaviakite.com\/doblepensar\/2006\/03\/10\/il-mondo-rotondo-con-olavia-kite-ascaroth\/","title":{"rendered":"Il mondo rotondo con Olavia Kite: Ascaroth"},"content":{"rendered":"<p><a href=\"http:\/\/photos1.blogger.com\/blogger\/2842\/196\/1600\/dsc036166de.jpg\"><img decoding=\"async\" style=\"margin: 0px auto 10px;text-align: center;cursor: pointer\" src=\"http:\/\/photos1.blogger.com\/blogger\/2842\/196\/400\/dsc036166de.jpg\" alt=\"\" border=\"0\" \/><\/a><\/p>\n<p>Cuando se habla de Ascaroth se habla de uno de los pilares del arte contempor\u00e1neo. Cuando se habla de Ascaroth, se habla del coraz\u00f3n humano puesto en escena en sus m\u00e1s cotidianas manifestaciones. \u00c9l es el artista integral, uno de los pocos que rescata el ideal renacentista del conocimiento que todo lo abarca y lo conjuga en las distintas artes en las que se desenvuelve.<\/p>\n<p>No fue dif\u00edcil abordarlo, su amigable presencia en un bar del centro de Bogot\u00e1 invitaba a la conversaci\u00f3n. Contrario a lo que se podr\u00eda esperar de un fiel representante de la bohemia citadina, Ascaroth no se mostr\u00f3 enigm\u00e1tico ni vago en sus respuestas, lo que permiti\u00f3 un di\u00e1logo c\u00e1lido y fluido. Espero que esta entrevista logre su cometido: servir de ventana a la genial mente de uno de los grandes maestros literarios <span style=\"font-style: italic\">y<\/span> musicales de nuestra \u00e9poca.<\/p>\n<p><span>Olavia Kite:<\/span><span style=\"font-weight: bold\"> <span style=\"font-style: italic\">Buenas y santas noches, Ascaroth. Comencemos con una cuesti\u00f3n de gustos: \u00bfEl rosc\u00f3n relleno de bocadillo o arequipe?<\/span><\/span><\/p>\n<p><span>Ascaroth:<\/span> Me cogiste fuera de base. Yo dir\u00eda que con bocadillo; el sabor del pan dulce y el arequipe se confunden, mientras que el del pan dulce y el bocadillo se complementan. (No soy fan del rosc\u00f3n, igual).<\/p>\n<p><span style=\"font-style: italic;font-weight: bold\">Su amor por la m\u00fasica es m\u00e1s que evidente en su blog y en su vida diaria. \u00bfQu\u00e9 dir\u00eda usted que impuls\u00f3 esta conexi\u00f3n entre usted y el arte?<\/span><\/p>\n<p>Mi primer amor musical fue Guns N&#8217; Roses. Mi segundo, Queen. Entre ambas veo como nexo claro el que los cantantes de ambas bandas gustaban de subirse al escenario con un chingue pegado que no deja nada a la imaginaci\u00f3n. En resumen, fue un chingue pegado el que impuls\u00f3 esta pasi\u00f3n.<\/p>\n<p><span style=\"font-weight: bold;font-style: italic\">\u00bfPor qu\u00e9 es preciso amar a Spinetta?<\/span><\/p>\n<p>Spinetta es un h\u00edbrido entre un marciano, una anciana, un rockero y un hippie. Es como E.T viendo Casaclub, tocando guitarra el\u00e9ctrica y fumando marihuana. \u00bf\u00bfNecesito decir m\u00e1s??<\/p>\n<p><span style=\"font-style: italic;font-weight: bold\">Cu\u00e9nteme c\u00f3mo le fue posible retratar tan fielmente la cruda realidad cotidiana de Bogot\u00e1 en El diario de Wilmer Chunza.<\/span><\/p>\n<p>El drama de Wilmer Chunza es el mismo drama sobre la dominaci\u00f3n, el sometimiento y la opresi\u00f3n que se ha explorado a trav\u00e9s de toda la historia del arte, desde dramaturgos como Shakespeare hasta cineastas contempor\u00e1neos como Von Trier. Si bien las obras del primero transcurr\u00edan en diferentes partes del mundo, desde Venecia hasta Roma, y las del segundo en la \u00faltima \u00e9tapa se han centrado en la geograf\u00eda norteamericana, veo que ha hecho falta alguien que sit\u00fae estas situaciones en el barrio El Tabora, que desde su mismo nombre desprende poes\u00eda y maldad. Me fue posible porque Bogot\u00e1 es una tierra de contrastes, aqu\u00ed no tenemos la ciudad de Venecia pero si el barrio Venecia. (Y no tenemos la ciudad de Roma pero si el barrio Roma, y pa&#8217; mas colmo, \u00a1el barrio Class Roma!)<\/p>\n<p><span style=\"font-weight: bold;font-style: italic\">Es decir que ha logrado recrear una realidad paralela en medio de un escenario absolutamente posible. \u00a1Cu\u00e1n ingenioso!<\/span><\/p>\n<p>No he hecho nada que Julio Jim\u00e9nez, mi \u00eddolo, no haya hecho antes.<\/p>\n<p><span style=\"font-style: italic;font-weight: bold\">Ahora hablemos del \u00e1mbito amoroso. Si bien el meranista promedio era reconocido por su incapacidad de amar, vemos ahora que surgen brotes inesperados de ternura en sus escritos. \u00bfSe podr\u00eda decir que el meranista pierde su meranismo al amar? \u00bfEs el amor un sentimiento propio de un meranista o lo relega a un plano m\u00e1s mundano, por dem\u00e1s desde\u00f1able?<\/span><\/p>\n<p>Merani, quien fue un profeta hebreo del a\u00f1o 24, dijo a sus disc\u00edpulos que la definci\u00f3n exacta del amor era &#8220;amistad con sexo&#8221;. Los meranistas, que seguimos la religi\u00f3n del profeta Merani, perdimos esta noci\u00f3n, porque para nosotros el amor se convirti\u00f3 en prepotencia, as\u00ed como todas las otras actividades de la vida com\u00fan (incluyendo el sexo). Pienso que es hora de regresar a las ense\u00f1anzas de Isaac Merani III, pues \u00e9l ante todo fue un gran rapero y un bac\u00e1n al que le gustaba la buena farra. En realidad su poema al respecto define todo:<br \/>&#8220;El meranista que deja de amar<br \/>Se vuelve un onanista<br \/>Y pierde la prepotencia de vista&#8221;.<\/p>\n<p><span style=\"font-weight: bold;font-style: italic\">Es complejo el mundo del meranista, incomprendido en su mayor\u00eda. \u00bfHa encontrado un lugar en el mundo el seguidor de Merani?<\/span><\/p>\n<p>Doquiera que se oiga una caja, un acorde\u00f3n y una melod\u00eda que nace a las orillas del Rio Sin\u00fa. En cualquier sitio d\u00f3nde la mujer coste\u00f1a agite sus caderas al son de un vallenato rom\u00e1ntico, como el que nos gusta a los meranistas. All\u00ed estaremos, para continuar nuestra misi\u00f3n en el mundo: Recopilar la mayor cantidad de datos curiosos, y echarlas en cualquier coctel.<\/p>\n<p><span style=\"font-style: italic;font-weight: bold\">Volvamos a su obra, rese\u00f1ada por los m\u00e1s prestigiosos ensayistas latinoamericanos y que muy pronto ser\u00e1 llevada al cine. \u00bfQu\u00e9 opina sobre la inclusi\u00f3n de Daddy Yankee entre las voces que leer\u00e1n sus poemas en el CD que se lanzar\u00e1 al mercado pr\u00f3ximamente? \u00bfHabr\u00eda preferido mantener a El General entre la selecci\u00f3n de artistas?<\/span><\/p>\n<p>Mi relaci\u00f3n con Daddy siempre ha sido una monta\u00f1a rusa de sentimientos. No s\u00e9 qu\u00e9 pensar de esto que est\u00e1 pasando. \u00c9l me dijo que termin\u00e1ramos por las buenas, que no nos hici\u00e9ramos da\u00f1o, que dej\u00e1ramos de trabajar juntos un tiempo. Yo empec\u00e9 a salir con Don Omar y d\u00e9jame decirte que \u00e9l es el amanta boricua por excelencia. Creo que lo que est\u00e1 haciendo Daddy obedece a los celos. Pero es que \u00e9l me mira con esos ojos, me grita al o\u00eddo &#8220;dale moreno, dale moreno que nos fuimos fuegote&#8221; y yo me derrito. El General me va a hacer falta, \u00e9l es ante todo un gran intelectual y fil\u00f3sofo de la m\u00fasica, como lo demuestra una de esas frases que sintetizan lo que ha sido el pensamiento occidental hasta hoy:<br \/>&#8220;Juana, Juana, pelame la banana,<br \/>Si no me la pelas, me la pela tu hermana&#8221;.<\/p>\n<p><span style=\"font-weight: bold;font-style: italic\">Ciertamente, \u00e9sa y &#8220;Qu\u00e9 lo que quiere esa nena, pl\u00e1tano verde, pl\u00e1tano maduro&#8221; son las declaraciones m\u00e1s representativas de nuestra \u00e9poca, usadas frecuentemente en las manifestaciones de cocineras de sopa de colicero.<\/span> <span style=\"font-style: italic;font-weight: bold\">Por \u00faltimo, \u00bfqui\u00e9n deber\u00eda representar un personaje tan hermoso y lleno de matices como lo es Tito Camacho, en la versi\u00f3n cinematogr\u00e1fica de sus haza\u00f1as?<\/span><\/p>\n<p>Mi primera opci\u00f3n fue Al Pacino. Tito es un personaje elegante, un hombre de mundo, que conoce las m\u00e1s elevadas alturas del intelecto y lo m\u00e1s bajo del vicio y la calle. Despu\u00e9s pens\u00e9 que al ser Tito Camacho un gal\u00e1n actual, deber\u00eda ser interpretado por un joven de un porte tan elegante como el de Jude Law, quien adem\u00e1s se mostr\u00f3 bastante interesado en un personaje que bautiz\u00f3 como &#8220;el \u00faltimo reducto de la cultura pop en el Tolima&#8221;. Sin embargo, al observar las cualidades de ambos actores, me di cuenta que no era otro sino Naren Daryanani quien pose\u00eda no s\u00f3lo el talento sino esa cuota de refinamiento, elegancia y mundo que tiene que tener el actor que se le mida a un papel tan complejo como del de Tito. Lo que s\u00ed es claro es que ser\u00e1 dirigida por David Lynch.<\/p>\n<p><span style=\"font-style: italic;font-weight: bold\">Es una aclaraci\u00f3n que tranquilizar\u00e1 a muchos de sus seguidores m\u00e1s puristas. Muchas gracias por esta entrevista, Ascaroth. Es un honor sentarme ante una eminencia del arte meranista como lo es usted.<\/span><\/p>\n<p>Entiendo que sea un honor. Al fin y al cabo, no todos tienen el placer de compartir con un meranista de verdad. De hecho, el placer tambi\u00e9n fue m\u00edo en tanto me recordaste la gran persona que soy.<\/p>\n<p><a href=\"http:\/\/ascaroth.blogspot.com\"><span><br \/>M\u00e1s Ascaroth, aqu\u00ed.<\/span><\/a><a href=\"http:\/\/ascaroth.blogspot.com\"><span style=\"font-size:85%\"><\/span><\/a><\/p>\n<p><a href=\"http:\/\/olaviakite.blogspot.com\/2006\/03\/il-mondo-rotondo-con-olavia-kite.html\"><span>M\u00e1s entrevistas, aqu\u00ed.<\/span><\/a><\/p>\n<p><span style=\"font-weight: bold\">[ <\/span><span style=\"font-style: italic\">Linda Linda <\/span>\u2014 The Blue Hearts <span style=\"font-weight: bold\">]<\/span><\/p>\n","protected":false},"excerpt":{"rendered":"<p>Cuando se habla de Ascaroth se habla de uno de los pilares del arte contempor\u00e1neo. Cuando se habla de Ascaroth, se habla del coraz\u00f3n humano puesto en escena en sus m\u00e1s cotidianas manifestaciones. \u00c9l es el artista integral, uno de los pocos que rescata el ideal renacentista del conocimiento que todo lo abarca y lo [&hellip;]<\/p>\n","protected":false},"author":1,"featured_media":0,"comment_status":"open","ping_status":"open","sticky":false,"template":"","format":"standard","meta":{"footnotes":""},"categories":[1],"tags":[],"_links":{"self":[{"href":"https:\/\/olaviakite.com\/doblepensar\/wp-json\/wp\/v2\/posts\/392"}],"collection":[{"href":"https:\/\/olaviakite.com\/doblepensar\/wp-json\/wp\/v2\/posts"}],"about":[{"href":"https:\/\/olaviakite.com\/doblepensar\/wp-json\/wp\/v2\/types\/post"}],"author":[{"embeddable":true,"href":"https:\/\/olaviakite.com\/doblepensar\/wp-json\/wp\/v2\/users\/1"}],"replies":[{"embeddable":true,"href":"https:\/\/olaviakite.com\/doblepensar\/wp-json\/wp\/v2\/comments?post=392"}],"version-history":[{"count":0,"href":"https:\/\/olaviakite.com\/doblepensar\/wp-json\/wp\/v2\/posts\/392\/revisions"}],"wp:attachment":[{"href":"https:\/\/olaviakite.com\/doblepensar\/wp-json\/wp\/v2\/media?parent=392"}],"wp:term":[{"taxonomy":"category","embeddable":true,"href":"https:\/\/olaviakite.com\/doblepensar\/wp-json\/wp\/v2\/categories?post=392"},{"taxonomy":"post_tag","embeddable":true,"href":"https:\/\/olaviakite.com\/doblepensar\/wp-json\/wp\/v2\/tags?post=392"}],"curies":[{"name":"wp","href":"https:\/\/api.w.org\/{rel}","templated":true}]}}