{"id":368,"date":"2005-12-08T15:19:00","date_gmt":"2005-12-08T15:19:00","guid":{"rendered":"http:\/\/olaviakite.com\/doblepensar\/2005\/12\/08\/recordando-a-john-lennon\/"},"modified":"2005-12-08T15:19:00","modified_gmt":"2005-12-08T15:19:00","slug":"recordando-a-john-lennon","status":"publish","type":"post","link":"https:\/\/olaviakite.com\/doblepensar\/2005\/12\/08\/recordando-a-john-lennon\/","title":{"rendered":"Recordando a John Lennon"},"content":{"rendered":"<p><a href=\"http:\/\/www.johnlennon.it\/beatles%20pics\/john-rude.jpg\"><img decoding=\"async\" style=\"margin: 0px auto 10px;text-align: center;cursor: pointer;width: 320px\" src=\"http:\/\/www.johnlennon.it\/beatles%20pics\/john-rude.jpg\" alt=\"\" border=\"0\" \/><\/a><\/p>\n<p>Fragmentos tomados de <a href=\"http:\/\/eltiempo.terra.com.co\/musi\/lennon\/ARTICULO-WEB-_NOTA_INTERIOR-2645017.html\">aqu\u00ed<\/a>:<\/p>\n<p><span class=\"texto\"><span style=\"font-style: italic\">Andr\u00e9s Cepeda tambi\u00e9n lo recuerda bien: &#8220;Desde la dulzura de Yesterday, junto a McCartney, hasta los angustiosos alaridos de Cold Turkey, Lennon es uno de los grandes creadores de nuestra era&#8221;<\/span>.<br \/>\u00daltimas noticias para Cepeda: Paul McCartney compuso Yesterday solito. De hecho lo dejaban solo en escena cuando la interpretaba en los conciertos (ver CD Anthology 2 o VHS Anthology 5; todav\u00eda no la tengo en DVD).<\/p>\n<p><\/span><span class=\"texto\">    <\/p>\n<p align=\"justify\"><span style=\"font-style: italic\" class=\"intertitulo\">Juan Pablo Villamizar<\/span><span style=\"font-style: italic\"><span style=\"font-weight: bold\"><br \/><\/span><\/span><strong>M\u00fasico y guitarrista de Juanes<\/strong><span style=\"font-style: italic\"><br \/><\/span><span style=\"font-style: italic\">Cuando pienso en John Lennon, de inmediato viene a mi mente el d\u00eda en que lo asesinaron, hace exactamente 25 a\u00f1os. Yo ten\u00eda ocho a\u00f1os por aquel entonces y desde que me acuerdo, \u00e9l ha sido la mayor influencia en mi vida. Cuando me d\u00ed cuenta de lo poco que sab\u00eda sobre \u00e9l, decid\u00ed que no saber nada m\u00e1s ser\u00eda un particular y c\u00f3smico homenaje.<\/span><br \/>Huh?<\/p>\n<p><\/span><span class=\"texto\">    <\/p>\n<p align=\"justify\"><span style=\"font-style: italic\" class=\"intertitulo\">Nestor Due\u00f1as<\/span><span style=\"font-style: italic\"><span style=\"font-weight: bold\"><br \/><\/span><\/span><strong>Integrante de Bullet, un grupo de \u2018grunge\u2019 totalmente influenciado por Los Beatles.<\/strong><span style=\"font-style: italic\"><br \/><\/span><span style=\"font-style: italic\">Yo soy fan\u00e1tico de Paul Mccartney y s\u00e9 que John era su mano derecha, pero en su carrera como solista tuvo una visi\u00f3n muy personal de la m\u00fasica contraria a la de McCartney. Profes\u00f3 la paz y decidi\u00f3 no solamente hablar con su m\u00fasica, tambi\u00e9n convoc\u00f3 marchas y manifestaciones. En cuanto a su vida sentimental, pienso que la primera esposa lo vio m\u00e1s como un integrante de Los Beatles que como una persona.<\/span><br \/>Lo siento, amiguito: John conoci\u00f3 a Cynthia cuando ambos estudiaban arte en Liverpool y se casaron cuando los Beatles apenas sacaban su primer sencillo en Inglaterra.<\/p>\n<p align=\"justify\"><span style=\"font-weight: bold\">Conclusi\u00f3n:<\/span> si yo fuera una artista no tan famosa y me pidieran unas cuantas palabras sobre un artista muy famoso de quien yo nada supiera, podr\u00eda decir lo primero que se me ocurriera y aparecer\u00eda en la prensa como si tal cosa. Al fin y al cabo, es la misma f\u00f3rmula que usan en <a href=\"http:\/\/www.eonline.com\/\">E! Entertainment Television<\/a> para hablar de los 101 [inserte sustantivo plural aqu\u00ed] m\u00e1s [inserte adjetivo plural aqu\u00ed] de la far\u00e1ndula.<\/p>\n<p align=\"justify\">No puedo desear que los Beatles hubieran seguido reunidos hasta su muerte natural (cosa que habr\u00eda ocurrido en 2001 con el deceso de George), ya que para 1970 no se soportaban y ya cada uno se hab\u00eda retirado temporalmente. No puedo culpar a Yoko Ono de la separaci\u00f3n de los Beatles, porque al fin y al cabo fue John el que decidi\u00f3 estar con ella y quererla tanto como para alejarse de los dem\u00e1s. Las cosas suceden como suceden; extra\u00f1amos a John y a George, pero su m\u00fasica permanecer\u00e1 por siempre.<\/p>\n<p align=\"justify\"><span style=\"font-weight: bold\"><br \/>[ <\/span><span style=\"font-style: italic\">Una pel\u00edcula mala de Caracol<\/span> <span style=\"font-weight: bold\">]<\/span><\/p>\n<p>  <\/span><\/p>\n","protected":false},"excerpt":{"rendered":"<p>Fragmentos tomados de aqu\u00ed: Andr\u00e9s Cepeda tambi\u00e9n lo recuerda bien: &#8220;Desde la dulzura de Yesterday, junto a McCartney, hasta los angustiosos alaridos de Cold Turkey, Lennon es uno de los grandes creadores de nuestra era&#8221;.\u00daltimas noticias para Cepeda: Paul McCartney compuso Yesterday solito. De hecho lo dejaban solo en escena cuando la interpretaba en los [&hellip;]<\/p>\n","protected":false},"author":1,"featured_media":0,"comment_status":"open","ping_status":"open","sticky":false,"template":"","format":"standard","meta":{"footnotes":""},"categories":[1],"tags":[],"_links":{"self":[{"href":"https:\/\/olaviakite.com\/doblepensar\/wp-json\/wp\/v2\/posts\/368"}],"collection":[{"href":"https:\/\/olaviakite.com\/doblepensar\/wp-json\/wp\/v2\/posts"}],"about":[{"href":"https:\/\/olaviakite.com\/doblepensar\/wp-json\/wp\/v2\/types\/post"}],"author":[{"embeddable":true,"href":"https:\/\/olaviakite.com\/doblepensar\/wp-json\/wp\/v2\/users\/1"}],"replies":[{"embeddable":true,"href":"https:\/\/olaviakite.com\/doblepensar\/wp-json\/wp\/v2\/comments?post=368"}],"version-history":[{"count":0,"href":"https:\/\/olaviakite.com\/doblepensar\/wp-json\/wp\/v2\/posts\/368\/revisions"}],"wp:attachment":[{"href":"https:\/\/olaviakite.com\/doblepensar\/wp-json\/wp\/v2\/media?parent=368"}],"wp:term":[{"taxonomy":"category","embeddable":true,"href":"https:\/\/olaviakite.com\/doblepensar\/wp-json\/wp\/v2\/categories?post=368"},{"taxonomy":"post_tag","embeddable":true,"href":"https:\/\/olaviakite.com\/doblepensar\/wp-json\/wp\/v2\/tags?post=368"}],"curies":[{"name":"wp","href":"https:\/\/api.w.org\/{rel}","templated":true}]}}